{"id":14349,"date":"2025-02-27T12:20:35","date_gmt":"2025-02-27T10:20:35","guid":{"rendered":"https:\/\/pib.rocks\/robotik-und-3d-druck-in-der-bildung\/"},"modified":"2025-02-27T12:25:56","modified_gmt":"2025-02-27T10:25:56","slug":"robotik-und-3d-druck-in-der-bildung","status":"publish","type":"post","link":"https:\/\/pib.rocks\/de\/robotik-und-3d-druck-in-der-bildung\/","title":{"rendered":"Robotik und 3D-Druck in der Bildung"},"content":{"rendered":"<div class=\"fusion-fullwidth fullwidth-box fusion-builder-row-1 fusion-flex-container nonhundred-percent-fullwidth non-hundred-percent-height-scrolling\" style=\"--awb-border-radius-top-left:0px;--awb-border-radius-top-right:0px;--awb-border-radius-bottom-right:0px;--awb-border-radius-bottom-left:0px;--awb-flex-wrap:wrap;\" ><div class=\"fusion-builder-row fusion-row fusion-flex-align-items-flex-start fusion-flex-content-wrap\" style=\"max-width:1248px;margin-left: calc(-4% \/ 2 );margin-right: calc(-4% \/ 2 );\"><div class=\"fusion-layout-column fusion_builder_column fusion-builder-column-0 fusion_builder_column_1_1 1_1 fusion-flex-column\" style=\"--awb-bg-size:cover;--awb-width-large:100%;--awb-margin-top-large:0px;--awb-spacing-right-large:1.92%;--awb-margin-bottom-large:0px;--awb-spacing-left-large:1.92%;--awb-width-medium:100%;--awb-spacing-right-medium:1.92%;--awb-spacing-left-medium:1.92%;--awb-width-small:100%;--awb-spacing-right-small:1.92%;--awb-spacing-left-small:1.92%;\"><div class=\"fusion-column-wrapper fusion-flex-justify-content-flex-start fusion-content-layout-column\"><div class=\"fusion-text fusion-text-1\"><h2>Robotik und 3D-Druck in der Bildung<\/h2>\n<p>Wie lassen sich Robotik und 3D-Druck sinnvoll in den Schulalltag integrieren? Und welche Kompetenzen brauchen Lehrkr\u00e4fte, um diese Technologien didaktisch zielf\u00fchrend einzusetzen? Diese Fragen standen im Mittelpunkt des DigiLLab Inspirationstags an der FAU Erlangen-N\u00fcrnberg. Das Event brachte Expert*innen, Studierende und Lehrkr\u00e4fte zusammen, um \u00fcber innovative Lehrmethoden und zukunftsweisende Bildungsans\u00e4tze zu diskutieren. Auch wir vom pib-Team waren dabei, um spannende Impulse f\u00fcr unser Projekt zu sammeln und unsere Erfahrungen zu teilen.    <\/p>\n<h3>Inspirierende Keynote zu Zukunftstechnologien<\/h3>\n<p>Vor Kurzem folgten wir der Einladung des DigiLLabs der FAU Erlangen-N\u00fcrnberg und erlebten einen bereichernden Tag voller fachlichem Austausch, neuer Impulse und wertvoller Erkenntnisse f\u00fcr unser Projekt.<\/p>\n<p>Den Auftakt des Events bildete eine inspirierende Keynote von Prof. Dr. Theo Hug von der Universit\u00e4t Innsbruck zum Thema &#8222;Zukunftstechnologien und ihre Bedeutung f\u00fcr die Lehrkr\u00e4ftebildung&#8220;. Er betonte die zentrale Rolle, die Robotik und KI in der Zukunft der Bildung spielt und regte zur kritischen Auseinandersetzung mit Bildungstechnologien, assistiven Anwendungen und Robotern als Lehrkr\u00e4ften an. <\/p>\n<h3>Einblicke in das pib-Projekt an der FAU<\/h3>\n<p>Im Anschluss stellten die Studierenden und Dozierenden das pib-Projekt an der FAU vor. Sie gaben Einblicke in ihre Arbeitsprozesse und zeigten, welche Herausforderungen und Erfolge sie w\u00e4hrend des Projekts erlebt haben. Besonders hervorgehoben wurde der wertvolle Lernprozess durch kreative Probleml\u00f6sung und gemeinschaftliche Zusammenarbeit. Der Satz \u201eMan baut eine geradezu emotionale Bindung zu den Druckteilen auf\u201c k\u00f6nnen wir als pib -Team ausgezeichnet nachempfinden.   <\/p>\n<h3>Praxisbericht aus dem Schulalltag<\/h3>\n<p>Ein praxisnaher Erfahrungsbericht von Anja Eckstein vom Hans-Sachs-Gymnasium N\u00fcrnberg, einer unserer beiden Pilotschulen f\u00fcr das pib-Projekt, verdeutlichte, wie sich kompetenz- und handlungsorientiertes Lernen konkret im Schulalltag umsetzen l\u00e4sst. Die R\u00fcckmeldungen waren eindeutig: Der Ansatz von pib ist zukunftsweisend und bietet einen echten Mehrwert f\u00fcr Lehrende und Lernende. <\/p>\n<h3>Diskussion \u00fcber digitale Kompetenzen<\/h3>\n<p>Den Abschluss bildete eine spannende Diskussionsrunde mit Dr. Matthias Ehmann (Universit\u00e4t Bayreuth &#8211; Digitales Lehren &amp; Lernen und Didaktik der Informatik), Florian Seidel (Jugendmedienzentrum Connect F\u00fcrth) und unserem pib-Vision\u00e4r J\u00fcrgen Baier. Die Experten diskutierten \u00fcber die Bedeutung von digitalen Kompetenzen, die Rolle von selbstwirksamen Lernen und die Herausforderungen bei der Implementierung innovativer Lehrmethoden. <\/p>\n<h3>Fazit: Zukunft des kompetenzorientierten Lernens<\/h3>\n<p>Die Veranstaltung machte eindrucksvoll deutlich, dass kompetenzorientiertes und projektbasiertes Lernen ein essenzieller Bestandteil der Lehrkr\u00e4ftebildung sein sollte. pib@fau hat bewiesen, dass durch Kreativit\u00e4t, Teamarbeit und technologische Innovation nachhaltige Lernerfahrungen geschaffen werden k\u00f6nnen. <\/p>\n<p>Herzlichen Dank an das DigiLLab f\u00fcr die Einladung! Wer mehr \u00fcber das Projekt pib@FAU erfahren m\u00f6chte, <a href=\"https:\/\/www.digillab.fau.de\/\" target=\"_blank\" rel=\"noopener\">findet spannende Einblicke auf ihrem Blog<\/a>.<\/p>\n<\/div><div class=\"awb-gallery-wrapper awb-gallery-wrapper-1 button-span-no\" style=\"--more-btn-alignment:center;\"><div style=\"margin:-5px;--awb-bordersize:0px;\" class=\"fusion-gallery fusion-gallery-container fusion-grid-3 fusion-columns-total-4 fusion-gallery-layout-grid fusion-gallery-1\"><div style=\"padding:5px;\" class=\"fusion-grid-column fusion-gallery-column fusion-gallery-column-3 hover-type-none\"><div class=\"fusion-gallery-image\"><a href=\"https:\/\/pib.rocks\/wp-content\/uploads\/2025\/02\/Digillab-Inspirationstag-1.jpg\" rel=\"noreferrer\" data-rel=\"iLightbox[gallery_image_1]\" class=\"fusion-lightbox\" target=\"_self\"><img decoding=\"async\" src=\"https:\/\/pib.rocks\/wp-content\/uploads\/2025\/02\/Digillab-Inspirationstag-1.jpg\" data-orig-src=\"https:\/\/pib.rocks\/wp-content\/uploads\/2025\/02\/Digillab-Inspirationstag-1.jpg\" width=\"1600\" height=\"900\" alt=\"\" title=\"Digillab Inspirationstag 1\" aria-label=\"Digillab Inspirationstag 1\" class=\"lazyload img-responsive wp-image-14339\" srcset=\"data:image\/svg+xml,%3Csvg%20xmlns%3D%27http%3A%2F%2Fwww.w3.org%2F2000%2Fsvg%27%20width%3D%271600%27%20height%3D%27900%27%20viewBox%3D%270%200%201600%20900%27%3E%3Crect%20width%3D%271600%27%20height%3D%27900%27%20fill-opacity%3D%220%22%2F%3E%3C%2Fsvg%3E\" data-srcset=\"https:\/\/pib.rocks\/wp-content\/uploads\/2025\/02\/Digillab-Inspirationstag-1-200x113.jpg 200w, https:\/\/pib.rocks\/wp-content\/uploads\/2025\/02\/Digillab-Inspirationstag-1-400x225.jpg 400w, https:\/\/pib.rocks\/wp-content\/uploads\/2025\/02\/Digillab-Inspirationstag-1-600x338.jpg 600w, https:\/\/pib.rocks\/wp-content\/uploads\/2025\/02\/Digillab-Inspirationstag-1-800x450.jpg 800w, https:\/\/pib.rocks\/wp-content\/uploads\/2025\/02\/Digillab-Inspirationstag-1-1200x675.jpg 1200w, https:\/\/pib.rocks\/wp-content\/uploads\/2025\/02\/Digillab-Inspirationstag-1.jpg 1600w\" data-sizes=\"auto\" data-orig-sizes=\"(min-width: 2200px) 100vw, (min-width: 824px) 397px, (min-width: 732px) 595px, (min-width: 640px) 732px, \" \/><\/a><\/div><\/div><div style=\"padding:5px;\" class=\"fusion-grid-column fusion-gallery-column fusion-gallery-column-3 hover-type-none\"><div class=\"fusion-gallery-image\"><a href=\"https:\/\/pib.rocks\/wp-content\/uploads\/2025\/02\/Digillab-Inspirationstag-2.jpg\" rel=\"noreferrer\" data-rel=\"iLightbox[gallery_image_1]\" class=\"fusion-lightbox\" target=\"_self\"><img decoding=\"async\" src=\"https:\/\/pib.rocks\/wp-content\/uploads\/2025\/02\/Digillab-Inspirationstag-2.jpg\" data-orig-src=\"https:\/\/pib.rocks\/wp-content\/uploads\/2025\/02\/Digillab-Inspirationstag-2.jpg\" width=\"900\" height=\"1600\" alt=\"\" title=\"Digillab Inspirationstag 2\" aria-label=\"Digillab Inspirationstag 2\" class=\"lazyload img-responsive wp-image-14341\" srcset=\"data:image\/svg+xml,%3Csvg%20xmlns%3D%27http%3A%2F%2Fwww.w3.org%2F2000%2Fsvg%27%20width%3D%27900%27%20height%3D%271600%27%20viewBox%3D%270%200%20900%201600%27%3E%3Crect%20width%3D%27900%27%20height%3D%271600%27%20fill-opacity%3D%220%22%2F%3E%3C%2Fsvg%3E\" data-srcset=\"https:\/\/pib.rocks\/wp-content\/uploads\/2025\/02\/Digillab-Inspirationstag-2-200x356.jpg 200w, https:\/\/pib.rocks\/wp-content\/uploads\/2025\/02\/Digillab-Inspirationstag-2-400x711.jpg 400w, https:\/\/pib.rocks\/wp-content\/uploads\/2025\/02\/Digillab-Inspirationstag-2-600x1067.jpg 600w, https:\/\/pib.rocks\/wp-content\/uploads\/2025\/02\/Digillab-Inspirationstag-2-800x1422.jpg 800w, https:\/\/pib.rocks\/wp-content\/uploads\/2025\/02\/Digillab-Inspirationstag-2.jpg 900w\" data-sizes=\"auto\" data-orig-sizes=\"(min-width: 2200px) 100vw, (min-width: 824px) 397px, (min-width: 732px) 595px, (min-width: 640px) 732px, \" \/><\/a><\/div><\/div><div style=\"padding:5px;\" class=\"fusion-grid-column fusion-gallery-column fusion-gallery-column-3 hover-type-none\"><div class=\"fusion-gallery-image\"><a href=\"https:\/\/pib.rocks\/wp-content\/uploads\/2025\/02\/Digillab-Inspirationstag-3.jpg\" rel=\"noreferrer\" data-rel=\"iLightbox[gallery_image_1]\" class=\"fusion-lightbox\" target=\"_self\"><img decoding=\"async\" src=\"https:\/\/pib.rocks\/wp-content\/uploads\/2025\/02\/Digillab-Inspirationstag-3.jpg\" data-orig-src=\"https:\/\/pib.rocks\/wp-content\/uploads\/2025\/02\/Digillab-Inspirationstag-3.jpg\" width=\"1600\" height=\"900\" alt=\"\" title=\"Digillab Inspirationstag 3\" aria-label=\"Digillab Inspirationstag 3\" class=\"lazyload img-responsive wp-image-14343\" srcset=\"data:image\/svg+xml,%3Csvg%20xmlns%3D%27http%3A%2F%2Fwww.w3.org%2F2000%2Fsvg%27%20width%3D%271600%27%20height%3D%27900%27%20viewBox%3D%270%200%201600%20900%27%3E%3Crect%20width%3D%271600%27%20height%3D%27900%27%20fill-opacity%3D%220%22%2F%3E%3C%2Fsvg%3E\" data-srcset=\"https:\/\/pib.rocks\/wp-content\/uploads\/2025\/02\/Digillab-Inspirationstag-3-200x113.jpg 200w, https:\/\/pib.rocks\/wp-content\/uploads\/2025\/02\/Digillab-Inspirationstag-3-400x225.jpg 400w, https:\/\/pib.rocks\/wp-content\/uploads\/2025\/02\/Digillab-Inspirationstag-3-600x338.jpg 600w, https:\/\/pib.rocks\/wp-content\/uploads\/2025\/02\/Digillab-Inspirationstag-3-800x450.jpg 800w, https:\/\/pib.rocks\/wp-content\/uploads\/2025\/02\/Digillab-Inspirationstag-3-1200x675.jpg 1200w, https:\/\/pib.rocks\/wp-content\/uploads\/2025\/02\/Digillab-Inspirationstag-3.jpg 1600w\" data-sizes=\"auto\" data-orig-sizes=\"(min-width: 2200px) 100vw, (min-width: 824px) 397px, (min-width: 732px) 595px, (min-width: 640px) 732px, \" \/><\/a><\/div><\/div><div class=\"clearfix\"><\/div><div style=\"padding:5px;\" class=\"fusion-grid-column fusion-gallery-column fusion-gallery-column-3 hover-type-none\"><div class=\"fusion-gallery-image\"><a href=\"https:\/\/pib.rocks\/wp-content\/uploads\/2025\/02\/Digillab-Inspirationstag-4.jpg\" rel=\"noreferrer\" data-rel=\"iLightbox[gallery_image_1]\" class=\"fusion-lightbox\" target=\"_self\"><img decoding=\"async\" src=\"https:\/\/pib.rocks\/wp-content\/uploads\/2025\/02\/Digillab-Inspirationstag-4.jpg\" data-orig-src=\"https:\/\/pib.rocks\/wp-content\/uploads\/2025\/02\/Digillab-Inspirationstag-4.jpg\" width=\"1600\" height=\"900\" alt=\"\" title=\"Digillab Inspirationstag 4\" aria-label=\"Digillab Inspirationstag 4\" class=\"lazyload img-responsive wp-image-14345\" srcset=\"data:image\/svg+xml,%3Csvg%20xmlns%3D%27http%3A%2F%2Fwww.w3.org%2F2000%2Fsvg%27%20width%3D%271600%27%20height%3D%27900%27%20viewBox%3D%270%200%201600%20900%27%3E%3Crect%20width%3D%271600%27%20height%3D%27900%27%20fill-opacity%3D%220%22%2F%3E%3C%2Fsvg%3E\" data-srcset=\"https:\/\/pib.rocks\/wp-content\/uploads\/2025\/02\/Digillab-Inspirationstag-4-200x113.jpg 200w, https:\/\/pib.rocks\/wp-content\/uploads\/2025\/02\/Digillab-Inspirationstag-4-400x225.jpg 400w, https:\/\/pib.rocks\/wp-content\/uploads\/2025\/02\/Digillab-Inspirationstag-4-600x338.jpg 600w, https:\/\/pib.rocks\/wp-content\/uploads\/2025\/02\/Digillab-Inspirationstag-4-800x450.jpg 800w, https:\/\/pib.rocks\/wp-content\/uploads\/2025\/02\/Digillab-Inspirationstag-4-1200x675.jpg 1200w, https:\/\/pib.rocks\/wp-content\/uploads\/2025\/02\/Digillab-Inspirationstag-4.jpg 1600w\" data-sizes=\"auto\" data-orig-sizes=\"(min-width: 2200px) 100vw, (min-width: 824px) 397px, (min-width: 732px) 595px, (min-width: 640px) 732px, \" \/><\/a><\/div><\/div><\/div><\/div><\/div><\/div><\/div><\/div>\n","protected":false},"excerpt":{"rendered":"","protected":false},"author":1,"featured_media":14336,"comment_status":"open","ping_status":"open","sticky":false,"template":"","format":"standard","meta":{"footnotes":""},"categories":[81],"tags":[],"class_list":["post-14349","post","type-post","status-publish","format-standard","has-post-thumbnail","hentry","category-pibschool-de"],"_links":{"self":[{"href":"https:\/\/pib.rocks\/de\/wp-json\/wp\/v2\/posts\/14349","targetHints":{"allow":["GET"]}}],"collection":[{"href":"https:\/\/pib.rocks\/de\/wp-json\/wp\/v2\/posts"}],"about":[{"href":"https:\/\/pib.rocks\/de\/wp-json\/wp\/v2\/types\/post"}],"author":[{"embeddable":true,"href":"https:\/\/pib.rocks\/de\/wp-json\/wp\/v2\/users\/1"}],"replies":[{"embeddable":true,"href":"https:\/\/pib.rocks\/de\/wp-json\/wp\/v2\/comments?post=14349"}],"version-history":[{"count":2,"href":"https:\/\/pib.rocks\/de\/wp-json\/wp\/v2\/posts\/14349\/revisions"}],"predecessor-version":[{"id":14351,"href":"https:\/\/pib.rocks\/de\/wp-json\/wp\/v2\/posts\/14349\/revisions\/14351"}],"wp:featuredmedia":[{"embeddable":true,"href":"https:\/\/pib.rocks\/de\/wp-json\/wp\/v2\/media\/14336"}],"wp:attachment":[{"href":"https:\/\/pib.rocks\/de\/wp-json\/wp\/v2\/media?parent=14349"}],"wp:term":[{"taxonomy":"category","embeddable":true,"href":"https:\/\/pib.rocks\/de\/wp-json\/wp\/v2\/categories?post=14349"},{"taxonomy":"post_tag","embeddable":true,"href":"https:\/\/pib.rocks\/de\/wp-json\/wp\/v2\/tags?post=14349"}],"curies":[{"name":"wp","href":"https:\/\/api.w.org\/{rel}","templated":true}]}}